{"id":1270,"date":"2025-09-18T18:24:28","date_gmt":"2025-09-18T16:24:28","guid":{"rendered":"https:\/\/gegfm.com\/1\/?p=1270"},"modified":"2025-09-18T18:37:14","modified_gmt":"2025-09-18T16:37:14","slug":"nga-gjuha-japoneze-te-ajo-greke-kurse-falas-nga-qendra-e-gjuheve-e-up-se","status":"publish","type":"post","link":"https:\/\/gegfm.com\/1\/nga-gjuha-japoneze-te-ajo-greke-kurse-falas-nga-qendra-e-gjuheve-e-up-se\/","title":{"rendered":"\u201cNga gjuha japoneze te ajo greke: Kurse falas nga Qendra e Gjuh\u00ebve e UP-s\u00eb\u201d"},"content":{"rendered":"\n<p>Qendra e Gjuh\u00ebve e Universitetit t\u00eb Prishtin\u00ebs njofton nisjen e kurseve t\u00eb gjuh\u00ebve t\u00eb huaja p\u00ebr semestrin dim\u00ebror 2025-2026, n\u00eb bashk\u00ebpunim me partner\u00eb nd\u00ebrkomb\u00ebtar\u00eb. Kurset jan\u00eb t\u00eb hapura p\u00ebr student\u00ebt e UP-s\u00eb, por edhe p\u00ebr publikun e gjer\u00eb, dhe ofrohen falas ose me tarifa simbolike.<\/p>\n\n\n\n<p><strong>Kurse t\u00eb hapura k\u00ebt\u00eb semest\u00ebr:<\/strong><\/p>\n\n\n\n<ul class=\"wp-block-list\">\n<li><strong>Gjuha greke<\/strong> \u2013 ofrohet pa pages\u00eb n\u00eb bashk\u00ebpunim me Zyr\u00ebn Nd\u00ebrlidh\u00ebse t\u00eb Greqis\u00eb. Afati i fundit p\u00ebr aplikim \u00ebsht\u00eb 30 shtator 2025.<\/li>\n\n\n\n<li><strong>Gjuha turke<\/strong> \u2013 nis m\u00eb 1 tetor 2025 n\u00eb Fakultetin e Filologjis\u00eb, n\u00eb bashk\u00ebpunim me Institutin Yunus Emre. Testi p\u00ebr p\u00ebrcaktimin e nivelit mbahet m\u00eb 1 tetor, ora 13:00, n\u00eb Qendr\u00ebn e Gjuh\u00ebve.<\/li>\n\n\n\n<li><strong>Gjuha japoneze<\/strong> \u2013 regjistrimet jan\u00eb t\u00eb hapura nga 15 deri m\u00eb 30 shtator 2025, n\u00eb bashk\u00ebpunim me Asociacionin e Miq\u00ebsis\u00eb Kosovare-Japoneze.<\/li>\n\n\n\n<li><strong>Gjuha italiane<\/strong> \u2013 rifillojn\u00eb m\u00eb 15 shtator 2025, n\u00eb bashk\u00ebpunim me Ambasad\u00ebn e Italis\u00eb n\u00eb Prishtin\u00eb. Kurset jan\u00eb falas, p\u00ebrve\u00e7 nj\u00eb tarife regjistrimi prej 5 euro p\u00ebr semest\u00ebr. P\u00ebr fillestar\u00ebt, do t\u00eb mbahet nj\u00eb takim informues m\u00eb 15 shtator, ora 16:30, n\u00eb Qendr\u00ebn e Gjuh\u00ebve.<\/li>\n<\/ul>\n\n\n\n<p>K\u00ebto kurse ofrojn\u00eb mund\u00ebsi p\u00ebr t\u00eb m\u00ebsuar gjuh\u00eb t\u00eb huaja, p\u00ebr t\u00eb njohur kultura t\u00eb ndryshme dhe p\u00ebr t\u00eb forcuar shk\u00ebmbimin kulturor nd\u00ebrkomb\u00ebtar.<\/p>\n\n\n\n<iframe loading=\"lazy\" src=\"https:\/\/www.facebook.com\/plugins\/post.php?href=https%3A%2F%2Fwww.facebook.com%2Fpermalink.php%3Fstory_fbid%3Dpfbid02bRSu76p1cehoT34R54nxGP5KMTXtwSKB4bxDWvpaehyL36SoJpYDTxAJP67D5TGgl%26id%3D61566658738726&#038;show_text=true&#038;width=500\" width=\"500\" height=\"530\" style=\"border:none;overflow:hidden\" scrolling=\"no\" frameborder=\"0\" allowfullscreen=\"true\" allow=\"autoplay; clipboard-write; encrypted-media; picture-in-picture; web-share\"><\/iframe>\n\n\n\n<iframe loading=\"lazy\" src=\"https:\/\/www.facebook.com\/plugins\/post.php?href=https%3A%2F%2Fwww.facebook.com%2Fpermalink.php%3Fstory_fbid%3Dpfbid037rHMEDKz4vGxRpggPNVZcDvVjE4AgSCpLf6gG5bRWf7KXUSF6MwUxtnUru6kfr2vl%26id%3D61566658738726&#038;show_text=true&#038;width=500\" width=\"500\" height=\"480\" style=\"border:none;overflow:hidden\" scrolling=\"no\" frameborder=\"0\" allowfullscreen=\"true\" allow=\"autoplay; clipboard-write; encrypted-media; picture-in-picture; web-share\"><\/iframe>\n\n\n\n<iframe loading=\"lazy\" src=\"https:\/\/www.facebook.com\/plugins\/post.php?href=https%3A%2F%2Fwww.facebook.com%2Fpermalink.php%3Fstory_fbid%3Dpfbid02x9xdAgCRtsvbYyKEgYrWpUAprp5FVmofKTsWPjuN9sYy5xXMoMyYVCfytwmbhirwl%26id%3D61566658738726&#038;show_text=true&#038;width=500\" width=\"500\" height=\"542\" style=\"border:none;overflow:hidden\" scrolling=\"no\" frameborder=\"0\" allowfullscreen=\"true\" allow=\"autoplay; clipboard-write; encrypted-media; picture-in-picture; web-share\"><\/iframe>\n","protected":false},"excerpt":{"rendered":"<p>Qendra e Gjuh\u00ebve e Universitetit t\u00eb Prishtin\u00ebs njofton nisjen e kurseve t\u00eb gjuh\u00ebve t\u00eb huaja p\u00ebr semestrin dim\u00ebror 2025-2026, n\u00eb bashk\u00ebpunim me partner\u00eb nd\u00ebrkomb\u00ebtar\u00eb. Kurset jan\u00eb t\u00eb hapura p\u00ebr student\u00ebt e UP-s\u00eb, por edhe p\u00ebr publikun e gjer\u00eb, dhe ofrohen falas ose me tarifa simbolike. Kurse t\u00eb hapura k\u00ebt\u00eb semest\u00ebr: K\u00ebto kurse ofrojn\u00eb mund\u00ebsi p\u00ebr [&hellip;]<\/p>\n","protected":false},"author":2,"featured_media":1273,"comment_status":"closed","ping_status":"open","sticky":false,"template":"","format":"standard","meta":{"footnotes":""},"categories":[4],"tags":[],"class_list":["post-1270","post","type-post","status-publish","format-standard","has-post-thumbnail","hentry","category-pak-per-vendin","entry daho-fn-article"],"_links":{"self":[{"href":"https:\/\/gegfm.com\/1\/wp-json\/wp\/v2\/posts\/1270","targetHints":{"allow":["GET"]}}],"collection":[{"href":"https:\/\/gegfm.com\/1\/wp-json\/wp\/v2\/posts"}],"about":[{"href":"https:\/\/gegfm.com\/1\/wp-json\/wp\/v2\/types\/post"}],"author":[{"embeddable":true,"href":"https:\/\/gegfm.com\/1\/wp-json\/wp\/v2\/users\/2"}],"replies":[{"embeddable":true,"href":"https:\/\/gegfm.com\/1\/wp-json\/wp\/v2\/comments?post=1270"}],"version-history":[{"count":3,"href":"https:\/\/gegfm.com\/1\/wp-json\/wp\/v2\/posts\/1270\/revisions"}],"predecessor-version":[{"id":1280,"href":"https:\/\/gegfm.com\/1\/wp-json\/wp\/v2\/posts\/1270\/revisions\/1280"}],"wp:featuredmedia":[{"embeddable":true,"href":"https:\/\/gegfm.com\/1\/wp-json\/wp\/v2\/media\/1273"}],"wp:attachment":[{"href":"https:\/\/gegfm.com\/1\/wp-json\/wp\/v2\/media?parent=1270"}],"wp:term":[{"taxonomy":"category","embeddable":true,"href":"https:\/\/gegfm.com\/1\/wp-json\/wp\/v2\/categories?post=1270"},{"taxonomy":"post_tag","embeddable":true,"href":"https:\/\/gegfm.com\/1\/wp-json\/wp\/v2\/tags?post=1270"}],"curies":[{"name":"wp","href":"https:\/\/api.w.org\/{rel}","templated":true}]}}