{"id":1247,"date":"2025-09-18T13:15:06","date_gmt":"2025-09-18T11:15:06","guid":{"rendered":"https:\/\/gegfm.com\/1\/?p=1247"},"modified":"2025-09-18T13:15:06","modified_gmt":"2025-09-18T11:15:06","slug":"kur-endrrat-takojne-kaosin-shfaqja-mysafire-qe-trazon-teatrin-e-gjilanit","status":"publish","type":"post","link":"https:\/\/gegfm.com\/1\/kur-endrrat-takojne-kaosin-shfaqja-mysafire-qe-trazon-teatrin-e-gjilanit\/","title":{"rendered":"\u201cKur \u00ebndrrat takojn\u00eb kaosin\u201d \u2013 Shfaqja mysafire q\u00eb trazon Teatrin e Gjilanit"},"content":{"rendered":"\n<p><strong>Teatri i Gjilanit sjell nj\u00eb mbr\u00ebmje t\u00eb jasht\u00ebzakonshme me shfaqjen mysafire \u201cPrishtina. Vrasja e paralajm\u00ebruar e nj\u00eb \u00ebndrr\u00eb\u201d<\/strong><\/p>\n\n\n\n<p>Sonte, <strong>e enjte, n\u00eb or\u00ebn 20:00<\/strong>, Teatrit i Gjilanit do t\u00eb hap\u00eb dyert p\u00ebr nj\u00eb shfaqje q\u00eb prek, trazon dhe ngre pyetje p\u00ebr t\u00eb ardhmen ton\u00eb. <strong>Teatri i qytetit t\u00eb Gjilanit, nj\u00eb institucion q\u00eb funksionon jasht\u00ebzakonisht mir\u00eb<\/strong>, tregon edhe nj\u00eb her\u00eb pse \u00ebsht\u00eb vendi ku arti dhe publiku takohen me energji dhe emocion.<\/p>\n\n\n\n<p>Shfaqja e sjellur nga <strong>Qendra Multimedia<\/strong>, e bazuar n\u00eb tekstin e <strong>Jeton Neziraj<\/strong> dhe n\u00eb regjin\u00eb e <strong>Blerta Neziraj<\/strong>, rr\u00ebfen nj\u00eb qytet t\u00eb plagosur nga lufta, nj\u00eb arkitekt q\u00eb pagoi me jet\u00eb p\u00ebr t\u00eb v\u00ebrtet\u00ebn dhe nj\u00eb \u00ebnd\u00ebrr q\u00eb vritet mes kaosit urbanistik.<\/p>\n\n\n\n<p>N\u00eb sken\u00eb do t\u00eb jen\u00eb aktor\u00ebt: <strong>Armend Smajli, Verona Koxha, Shp\u00ebtim Selmani, Kushttrim Qerimi dhe Afrim Mu\u00e7aj<\/strong>, t\u00eb cil\u00ebt premtojn\u00eb nj\u00eb performanc\u00eb t\u00eb fuqishme dhe emocionale.<\/p>\n\n\n\n<p>\ud83d\udccd <strong>Vendi:<\/strong> Teatri i Gjilanit<br>\u23f0 <strong>Ora:<\/strong> 20:00<\/p>\n\n\n\n<p>Mos e humbni k\u00ebt\u00eb shfaqje mysafire \u2013 nj\u00eb eksperienc\u00eb artistike q\u00eb trazon dhe l\u00eb gjurm\u00eb<\/p>\n","protected":false},"excerpt":{"rendered":"<p>Teatri i Gjilanit sjell nj\u00eb mbr\u00ebmje t\u00eb jasht\u00ebzakonshme me shfaqjen mysafire \u201cPrishtina. Vrasja e paralajm\u00ebruar e nj\u00eb \u00ebndrr\u00eb\u201d Sonte, e enjte, n\u00eb or\u00ebn 20:00, Teatrit i Gjilanit do t\u00eb hap\u00eb dyert p\u00ebr nj\u00eb shfaqje q\u00eb prek, trazon dhe ngre pyetje p\u00ebr t\u00eb ardhmen ton\u00eb. Teatri i qytetit t\u00eb Gjilanit, nj\u00eb institucion q\u00eb funksionon jasht\u00ebzakonisht mir\u00eb, [&hellip;]<\/p>\n","protected":false},"author":3,"featured_media":1249,"comment_status":"closed","ping_status":"open","sticky":false,"template":"","format":"standard","meta":{"footnotes":""},"categories":[25,4],"tags":[],"class_list":["post-1247","post","type-post","status-publish","format-standard","has-post-thumbnail","hentry","category-pak-per-teatrin","category-pak-per-vendin","entry daho-fn-article"],"_links":{"self":[{"href":"https:\/\/gegfm.com\/1\/wp-json\/wp\/v2\/posts\/1247","targetHints":{"allow":["GET"]}}],"collection":[{"href":"https:\/\/gegfm.com\/1\/wp-json\/wp\/v2\/posts"}],"about":[{"href":"https:\/\/gegfm.com\/1\/wp-json\/wp\/v2\/types\/post"}],"author":[{"embeddable":true,"href":"https:\/\/gegfm.com\/1\/wp-json\/wp\/v2\/users\/3"}],"replies":[{"embeddable":true,"href":"https:\/\/gegfm.com\/1\/wp-json\/wp\/v2\/comments?post=1247"}],"version-history":[{"count":1,"href":"https:\/\/gegfm.com\/1\/wp-json\/wp\/v2\/posts\/1247\/revisions"}],"predecessor-version":[{"id":1250,"href":"https:\/\/gegfm.com\/1\/wp-json\/wp\/v2\/posts\/1247\/revisions\/1250"}],"wp:featuredmedia":[{"embeddable":true,"href":"https:\/\/gegfm.com\/1\/wp-json\/wp\/v2\/media\/1249"}],"wp:attachment":[{"href":"https:\/\/gegfm.com\/1\/wp-json\/wp\/v2\/media?parent=1247"}],"wp:term":[{"taxonomy":"category","embeddable":true,"href":"https:\/\/gegfm.com\/1\/wp-json\/wp\/v2\/categories?post=1247"},{"taxonomy":"post_tag","embeddable":true,"href":"https:\/\/gegfm.com\/1\/wp-json\/wp\/v2\/tags?post=1247"}],"curies":[{"name":"wp","href":"https:\/\/api.w.org\/{rel}","templated":true}]}}