{"id":1170,"date":"2025-09-17T16:40:40","date_gmt":"2025-09-17T14:40:40","guid":{"rendered":"https:\/\/gegfm.com\/1\/?p=1170"},"modified":"2025-09-17T16:48:14","modified_gmt":"2025-09-17T14:48:14","slug":"alban-hyseni-viziton-ceni-company-ne-gjilan-diskutohet-per-zhvillimin-e-biznesit-dhe-te-qytetit","status":"publish","type":"post","link":"https:\/\/gegfm.com\/1\/alban-hyseni-viziton-ceni-company-ne-gjilan-diskutohet-per-zhvillimin-e-biznesit-dhe-te-qytetit\/","title":{"rendered":"Alban Hyseni viziton Ceni Company n\u00eb Gjilan: Diskutohet p\u00ebr zhvillimin e biznesit dhe t\u00eb qytetit"},"content":{"rendered":"\n<p>Sot, kryetari i Komun\u00ebs s\u00eb Gjilanit dhe kandidati i L\u00ebvizjes VET\u00cbVENDOSJE, <strong>Alban Hyseni<\/strong>, zhvilloi nj\u00eb vizit\u00eb n\u00eb <strong>Ceni Company<\/strong>, nj\u00eb nga kompanit\u00eb m\u00eb t\u00eb suksesshme nd\u00ebrtimore n\u00eb qytet.<\/p>\n\n\n\n<p>Gjat\u00eb takimit, Hyseni u njoh nga af\u00ebr me aktivitetet dhe projektet aktuale t\u00eb kompanis\u00eb, duke diskutuar sfidat me t\u00eb cilat p\u00ebrballen bizneset lokale dhe mund\u00ebsit\u00eb p\u00ebr t\u00eb bashk\u00ebpunuar n\u00eb zhvillimin e m\u00ebtejsh\u00ebm t\u00eb qytetit. Ai theksoi r\u00ebnd\u00ebsin\u00eb e nj\u00eb dialogu t\u00eb hapur mes pushtetit lokal dhe sip\u00ebrmarr\u00ebsve, si dhe idet\u00eb e reja p\u00ebr projekte q\u00eb mund ta forcojn\u00eb ekonomin\u00eb dhe infrastruktur\u00ebn e Gjilanit.<\/p>\n\n\n\n<p>\u201cGjilani ka potencial t\u00eb madh. BASHK\u00cb me njer\u00ebzit e pun\u00ebs dhe t\u00eb vullnetit, do t\u00eb vazhdojm\u00eb ta b\u00ebjm\u00eb qytetin ton\u00eb m\u00eb t\u00eb mir\u00eb p\u00ebr t\u00eb gjith\u00eb,\u201d theksoi Hyseni.<\/p>\n\n\n\n<p><strong>Ceni Company<\/strong> \u00ebsht\u00eb nj\u00eb nga kompanit\u00eb m\u00eb t\u00eb suksesshme nd\u00ebrtimore n\u00eb Gjilan, e njohur p\u00ebr standardet e larta t\u00eb cil\u00ebsis\u00eb dhe p\u00ebrkushtimin ndaj projekteve t\u00eb m\u00ebdha. Nj\u00eb nga arritjet e saj m\u00eb t\u00eb dukshme \u00ebsht\u00eb <strong>kompleksi i banimit dhe biznesit me 11 godina<\/strong> n\u00eb lagjen <strong>Fidanishta<\/strong> n\u00eb Gjilan, q\u00eb ofron hap\u00ebsira moderne p\u00ebr banim dhe aktivitet biznesor, duke kontribuar n\u00eb zhvillimin urban dhe cil\u00ebsin\u00eb e jet\u00ebs p\u00ebr qytetar\u00ebt.<\/p>\n\n\n\n<p><\/p>\n\n\n\n<iframe loading=\"lazy\" src=\"https:\/\/www.facebook.com\/plugins\/post.php?href=https%3A%2F%2Fwww.facebook.com%2Falbanhysenilvv%2Fposts%2Fpfbid02oHUFLg14WDpP5VJWSzhotEkN9yXTfwRQSF3VSpFv1UCKyKUXwqdyqX39mL2xVEJ9l&#038;show_text=true&#038;width=500\" width=\"500\" height=\"753\" style=\"border:none;overflow:hidden\" scrolling=\"no\" frameborder=\"0\" allowfullscreen=\"true\" allow=\"autoplay; clipboard-write; encrypted-media; picture-in-picture; web-share\"><\/iframe>\n","protected":false},"excerpt":{"rendered":"<p>Sot, kryetari i Komun\u00ebs s\u00eb Gjilanit dhe kandidati i L\u00ebvizjes VET\u00cbVENDOSJE, Alban Hyseni, zhvilloi nj\u00eb vizit\u00eb n\u00eb Ceni Company, nj\u00eb nga kompanit\u00eb m\u00eb t\u00eb suksesshme nd\u00ebrtimore n\u00eb qytet. Gjat\u00eb takimit, Hyseni u njoh nga af\u00ebr me aktivitetet dhe projektet aktuale t\u00eb kompanis\u00eb, duke diskutuar sfidat me t\u00eb cilat p\u00ebrballen bizneset lokale dhe mund\u00ebsit\u00eb p\u00ebr t\u00eb [&hellip;]<\/p>\n","protected":false},"author":2,"featured_media":1173,"comment_status":"closed","ping_status":"open","sticky":false,"template":"","format":"standard","meta":{"footnotes":""},"categories":[4,29],"tags":[],"class_list":["post-1170","post","type-post","status-publish","format-standard","has-post-thumbnail","hentry","category-pak-per-vendin","category-zgjedhjet-2025","entry daho-fn-article"],"_links":{"self":[{"href":"https:\/\/gegfm.com\/1\/wp-json\/wp\/v2\/posts\/1170","targetHints":{"allow":["GET"]}}],"collection":[{"href":"https:\/\/gegfm.com\/1\/wp-json\/wp\/v2\/posts"}],"about":[{"href":"https:\/\/gegfm.com\/1\/wp-json\/wp\/v2\/types\/post"}],"author":[{"embeddable":true,"href":"https:\/\/gegfm.com\/1\/wp-json\/wp\/v2\/users\/2"}],"replies":[{"embeddable":true,"href":"https:\/\/gegfm.com\/1\/wp-json\/wp\/v2\/comments?post=1170"}],"version-history":[{"count":1,"href":"https:\/\/gegfm.com\/1\/wp-json\/wp\/v2\/posts\/1170\/revisions"}],"predecessor-version":[{"id":1172,"href":"https:\/\/gegfm.com\/1\/wp-json\/wp\/v2\/posts\/1170\/revisions\/1172"}],"wp:featuredmedia":[{"embeddable":true,"href":"https:\/\/gegfm.com\/1\/wp-json\/wp\/v2\/media\/1173"}],"wp:attachment":[{"href":"https:\/\/gegfm.com\/1\/wp-json\/wp\/v2\/media?parent=1170"}],"wp:term":[{"taxonomy":"category","embeddable":true,"href":"https:\/\/gegfm.com\/1\/wp-json\/wp\/v2\/categories?post=1170"},{"taxonomy":"post_tag","embeddable":true,"href":"https:\/\/gegfm.com\/1\/wp-json\/wp\/v2\/tags?post=1170"}],"curies":[{"name":"wp","href":"https:\/\/api.w.org\/{rel}","templated":true}]}}