{"id":1151,"date":"2025-09-17T11:08:42","date_gmt":"2025-09-17T09:08:42","guid":{"rendered":"https:\/\/gegfm.com\/1\/?p=1151"},"modified":"2025-09-17T11:08:42","modified_gmt":"2025-09-17T09:08:42","slug":"planprogrami-gjilani-2026-2030-prezantohet-sot-nga-alban-hyseni","status":"publish","type":"post","link":"https:\/\/gegfm.com\/1\/planprogrami-gjilani-2026-2030-prezantohet-sot-nga-alban-hyseni\/","title":{"rendered":"Planprogrami \u201cGjilani 2026\u20132030\u201d prezantohet sot nga Alban Hyseni"},"content":{"rendered":"\n<p>Fushata zgjedhore p\u00ebr zgjedhjet lokale t\u00eb 12 tetorit ka hyr\u00eb n\u00eb nj\u00eb faz\u00eb m\u00eb dinamike edhe n\u00eb Gjilan, ku gara p\u00ebr komun\u00ebn shihet si nj\u00eb nga m\u00eb t\u00eb fortat n\u00eb vend.<br>Kandidati i L\u00ebvizjes Vet\u00ebvendosje, Alban Hyseni, ka paralajm\u00ebruar prezantimin e planit t\u00eb tij qeveris\u00ebs p\u00ebr kat\u00ebr vitet e ardhshme.<\/p>\n\n\n\n<p>Prezantimi i Planprogramit \u201cGjilani 2026 \u2013 2030\u201d do t\u00eb b\u00ebhet sot, m\u00eb 17 shtator, n\u00eb Universitetin \u201cKadri Zeka\u201d nga ora 19:00, ku Hyseni dhe ekipi i tij do t\u00eb shpalosin para qytetar\u00ebve vizionin dhe projektet konkrete p\u00ebr zhvillimin e komun\u00ebs.<\/p>\n\n\n\n<p>\u201cMe vizion t\u00eb qart\u00eb dhe projekte konkrete p\u00ebr pun\u00ebt e mira. BASHK\u00cb p\u00ebr qytetin ton\u00eb!\u201d, \u00ebsht\u00eb mesazhi i Alban Hysenit n\u00eb thirrjen drejtuar qytetar\u00ebve p\u00ebr pjes\u00ebmarrje.<\/p>\n\n\n\n<p>Ky prezantim shihet si nj\u00eb nga aktivitetet ky\u00e7e t\u00eb fushat\u00ebs s\u00eb Vet\u00ebvendosjes n\u00eb Gjilan, duke synuar t\u00eb bind\u00eb qytetar\u00ebt me programin dhe prioritetet e ofruara.<\/p>\n\n\n\n<figure class=\"wp-block-image size-full\"><img loading=\"lazy\" decoding=\"async\" width=\"504\" height=\"630\" src=\"https:\/\/gegfm.com\/1\/wp-content\/uploads\/2025\/09\/alban-jyseni.jpg\" alt=\"\" class=\"wp-image-1152\" srcset=\"https:\/\/gegfm.com\/1\/wp-content\/uploads\/2025\/09\/alban-jyseni.jpg 504w, https:\/\/gegfm.com\/1\/wp-content\/uploads\/2025\/09\/alban-jyseni-240x300.jpg 240w, https:\/\/gegfm.com\/1\/wp-content\/uploads\/2025\/09\/alban-jyseni-10x12.jpg 10w\" sizes=\"auto, (max-width: 504px) 100vw, 504px\" \/><\/figure>\n","protected":false},"excerpt":{"rendered":"<p>Fushata zgjedhore p\u00ebr zgjedhjet lokale t\u00eb 12 tetorit ka hyr\u00eb n\u00eb nj\u00eb faz\u00eb m\u00eb dinamike edhe n\u00eb Gjilan, ku gara p\u00ebr komun\u00ebn shihet si nj\u00eb nga m\u00eb t\u00eb fortat n\u00eb vend.Kandidati i L\u00ebvizjes Vet\u00ebvendosje, Alban Hyseni, ka paralajm\u00ebruar prezantimin e planit t\u00eb tij qeveris\u00ebs p\u00ebr kat\u00ebr vitet e ardhshme. Prezantimi i Planprogramit \u201cGjilani 2026 \u2013 [&hellip;]<\/p>\n","protected":false},"author":2,"featured_media":1153,"comment_status":"closed","ping_status":"open","sticky":false,"template":"","format":"standard","meta":{"footnotes":""},"categories":[4,29],"tags":[],"class_list":["post-1151","post","type-post","status-publish","format-standard","has-post-thumbnail","hentry","category-pak-per-vendin","category-zgjedhjet-2025","entry daho-fn-article"],"_links":{"self":[{"href":"https:\/\/gegfm.com\/1\/wp-json\/wp\/v2\/posts\/1151","targetHints":{"allow":["GET"]}}],"collection":[{"href":"https:\/\/gegfm.com\/1\/wp-json\/wp\/v2\/posts"}],"about":[{"href":"https:\/\/gegfm.com\/1\/wp-json\/wp\/v2\/types\/post"}],"author":[{"embeddable":true,"href":"https:\/\/gegfm.com\/1\/wp-json\/wp\/v2\/users\/2"}],"replies":[{"embeddable":true,"href":"https:\/\/gegfm.com\/1\/wp-json\/wp\/v2\/comments?post=1151"}],"version-history":[{"count":1,"href":"https:\/\/gegfm.com\/1\/wp-json\/wp\/v2\/posts\/1151\/revisions"}],"predecessor-version":[{"id":1154,"href":"https:\/\/gegfm.com\/1\/wp-json\/wp\/v2\/posts\/1151\/revisions\/1154"}],"wp:featuredmedia":[{"embeddable":true,"href":"https:\/\/gegfm.com\/1\/wp-json\/wp\/v2\/media\/1153"}],"wp:attachment":[{"href":"https:\/\/gegfm.com\/1\/wp-json\/wp\/v2\/media?parent=1151"}],"wp:term":[{"taxonomy":"category","embeddable":true,"href":"https:\/\/gegfm.com\/1\/wp-json\/wp\/v2\/categories?post=1151"},{"taxonomy":"post_tag","embeddable":true,"href":"https:\/\/gegfm.com\/1\/wp-json\/wp\/v2\/tags?post=1151"}],"curies":[{"name":"wp","href":"https:\/\/api.w.org\/{rel}","templated":true}]}}