{"id":1036,"date":"2025-09-13T15:39:41","date_gmt":"2025-09-13T13:39:41","guid":{"rendered":"https:\/\/gegfm.com\/1\/?p=1036"},"modified":"2025-09-13T15:39:41","modified_gmt":"2025-09-13T13:39:41","slug":"mjeket-shqiptare-te-zvicres-histori-suksesi-dhe-sfida","status":"publish","type":"post","link":"https:\/\/gegfm.com\/1\/mjeket-shqiptare-te-zvicres-histori-suksesi-dhe-sfida\/","title":{"rendered":"Mjek\u00ebt shqiptar\u00eb t\u00eb Zvicr\u00ebs, histori suksesi dhe sfida"},"content":{"rendered":"\n<p><\/p>\n\n\n\n<p>Lidhja e Mjek\u00ebve Shqiptar\u00eb n\u00eb Zvic\u00ebr (LMSHZ) \u00ebsht\u00eb nd\u00ebr shoqatat m\u00eb aktive t\u00eb komunitetit shqiptar. E themeluar m\u00eb 2018, kjo organizat\u00eb ka bashkuar rreth 100 mjek\u00eb q\u00eb punojn\u00eb dhe jetojn\u00eb n\u00eb Zvic\u00ebr. Nga takimet e para n\u00eb Lucern e Winterthur, deri tek Kuvendi Nism\u00ebtar n\u00eb Bern\u00eb, mjek\u00ebt shqiptar\u00eb nd\u00ebrtuan nj\u00eb platform\u00eb q\u00eb i mban t\u00eb lidhur profesionalisht e shoq\u00ebrisht.<\/p>\n\n\n\n<p>N\u00eb k\u00ebto vite, LMSHZ ka sjell\u00eb projekte t\u00eb m\u00ebdha si <strong>Swiss Medical School n\u00eb Prishtin\u00eb<\/strong>, simpoziumet shkencore t\u00eb akredituara n\u00eb Zvic\u00ebr, por edhe trajnime e seminare p\u00ebr komunitetin. Nj\u00eb nga arritjet m\u00eb t\u00eb r\u00ebnd\u00ebsishme ishte ndikimi i mjek\u00ebve shqiptar\u00eb n\u00eb ndryshimin e rregulloreve zvicerane p\u00ebr njohjen e diplomave, duke leht\u00ebsuar rrug\u00ebn p\u00ebr koleg\u00ebt q\u00eb nis\u00ebn pun\u00ebn para vitit 2010.<\/p>\n\n\n\n<p>Sot, LMSHZ jo vet\u00ebm q\u00eb p\u00ebrfaq\u00ebson interesat e mjek\u00ebve shqiptar\u00eb, por po nd\u00ebrton edhe ura me universitetet dhe spitalet n\u00eb Kosov\u00eb e Shqip\u00ebri. P\u00ebrve\u00e7 edicionit t\u00eb dyt\u00eb t\u00eb Swiss Medical School m\u00eb 8\u20139 n\u00ebntor n\u00eb Prishtin\u00eb, shoqata do t\u00eb jet\u00eb bashkorganizatore e <strong>Kongresit t\u00eb Par\u00eb Klinik t\u00eb Kirurg\u00ebve Shqiptar\u00eb<\/strong> k\u00ebt\u00eb shtator. Mesazhi i tyre \u00ebsht\u00eb i qart\u00eb: \u201cSuksesi n\u00eb Zvic\u00ebr k\u00ebrkon standarde t\u00eb larta e p\u00ebrkushtim, por ne jemi k\u00ebtu p\u00ebr ta b\u00ebr\u00eb k\u00ebt\u00eb rrug\u00eb m\u00eb t\u00eb leht\u00eb\u201d. \/albinfo.ch<\/p>\n","protected":false},"excerpt":{"rendered":"<p>Lidhja e Mjek\u00ebve Shqiptar\u00eb n\u00eb Zvic\u00ebr (LMSHZ) \u00ebsht\u00eb nd\u00ebr shoqatat m\u00eb aktive t\u00eb komunitetit shqiptar. E themeluar m\u00eb 2018, kjo organizat\u00eb ka bashkuar rreth 100 mjek\u00eb q\u00eb punojn\u00eb dhe jetojn\u00eb n\u00eb Zvic\u00ebr. Nga takimet e para n\u00eb Lucern e Winterthur, deri tek Kuvendi Nism\u00ebtar n\u00eb Bern\u00eb, mjek\u00ebt shqiptar\u00eb nd\u00ebrtuan nj\u00eb platform\u00eb q\u00eb i mban t\u00eb [&hellip;]<\/p>\n","protected":false},"author":3,"featured_media":1037,"comment_status":"closed","ping_status":"open","sticky":false,"template":"","format":"standard","meta":{"footnotes":""},"categories":[3,2,4],"tags":[],"class_list":["post-1036","post","type-post","status-publish","format-standard","has-post-thumbnail","hentry","category-pak-per-shendetin","category-pak-per-shqiptaret","category-pak-per-vendin","entry daho-fn-article"],"_links":{"self":[{"href":"https:\/\/gegfm.com\/1\/wp-json\/wp\/v2\/posts\/1036","targetHints":{"allow":["GET"]}}],"collection":[{"href":"https:\/\/gegfm.com\/1\/wp-json\/wp\/v2\/posts"}],"about":[{"href":"https:\/\/gegfm.com\/1\/wp-json\/wp\/v2\/types\/post"}],"author":[{"embeddable":true,"href":"https:\/\/gegfm.com\/1\/wp-json\/wp\/v2\/users\/3"}],"replies":[{"embeddable":true,"href":"https:\/\/gegfm.com\/1\/wp-json\/wp\/v2\/comments?post=1036"}],"version-history":[{"count":1,"href":"https:\/\/gegfm.com\/1\/wp-json\/wp\/v2\/posts\/1036\/revisions"}],"predecessor-version":[{"id":1038,"href":"https:\/\/gegfm.com\/1\/wp-json\/wp\/v2\/posts\/1036\/revisions\/1038"}],"wp:featuredmedia":[{"embeddable":true,"href":"https:\/\/gegfm.com\/1\/wp-json\/wp\/v2\/media\/1037"}],"wp:attachment":[{"href":"https:\/\/gegfm.com\/1\/wp-json\/wp\/v2\/media?parent=1036"}],"wp:term":[{"taxonomy":"category","embeddable":true,"href":"https:\/\/gegfm.com\/1\/wp-json\/wp\/v2\/categories?post=1036"},{"taxonomy":"post_tag","embeddable":true,"href":"https:\/\/gegfm.com\/1\/wp-json\/wp\/v2\/tags?post=1036"}],"curies":[{"name":"wp","href":"https:\/\/api.w.org\/{rel}","templated":true}]}}