{"id":1027,"date":"2025-09-12T14:43:03","date_gmt":"2025-09-12T12:43:03","guid":{"rendered":"https:\/\/gegfm.com\/1\/?p=1027"},"modified":"2025-09-12T14:43:04","modified_gmt":"2025-09-12T12:43:04","slug":"kalabria-nis-programin-e-pare-te-rai-t-ne-gjuhen-arbereshe","status":"publish","type":"post","link":"https:\/\/gegfm.com\/1\/kalabria-nis-programin-e-pare-te-rai-t-ne-gjuhen-arbereshe\/","title":{"rendered":"Kalabria nis programin e par\u00eb t\u00eb RAI-t n\u00eb gjuh\u00ebn arb\u00ebreshe"},"content":{"rendered":"\n<p>Kalabria b\u00ebhet rajoni i par\u00eb me statut t\u00eb zakonsh\u00ebm q\u00eb nis nj\u00eb program t\u00eb RAI-t kushtuar pakicave gjuh\u00ebsore n\u00eb Itali. Ky program do t\u00eb p\u00ebrfshij\u00eb emisione radiotelevizive t\u00ebr\u00ebsisht n\u00eb gjuh\u00ebn arb\u00ebreshe, duke i dh\u00ebn\u00eb k\u00ebshtu nj\u00eb hap\u00ebsir\u00eb t\u00eb re promovimit t\u00eb kultur\u00ebs dhe gjuh\u00ebs arb\u00ebreshe.<\/p>\n\n\n\n<p>Pas n\u00ebnshkrimit t\u00eb marr\u00ebveshjes mes Presidenc\u00ebs s\u00eb K\u00ebshillit t\u00eb Ministrave \u2013 Departamentit p\u00ebr Informacion dhe Botime \u2013 dhe RAI-t, ka nisur prodhimi i programeve televizive dhe radiofonike t\u00eb dedikuara p\u00ebr k\u00ebt\u00eb q\u00ebllim.<\/p>\n\n\n\n<p>Ky program lidhet drejtp\u00ebrdrejt me Ligjin 482 t\u00eb vitit 1999 dhe Kontrat\u00ebn e Sh\u00ebrbimit Komb\u00ebtar, q\u00eb parashikon mbrojtjen e pakicave historike gjuh\u00ebsore n\u00eb rajonet e Italis\u00eb.<\/p>\n\n\n\n<p>\u201cProgramimi do t\u00eb filloj\u00eb n\u00eb mesin e shtatorit dhe do t\u00eb zgjas\u00eb 13 muaj. Ne jemi rajoni i par\u00eb q\u00eb prodhon programim n\u00eb nj\u00eb gjuh\u00eb minoritare dhe kjo m\u00eb b\u00ebn ve\u00e7an\u00ebrisht krenar si kalabrez. Do t\u00eb jet\u00eb nj\u00eb angazhim i vazhduesh\u00ebm p\u00ebr Kalabrin\u00eb, por edhe p\u00ebr RAI-n, i cili edhe nj\u00eb her\u00eb po kryen rolin e tij si televizion publik\u201d, u shpreh Massimo Fedele, drejtor i RAI Calabria.<\/p>\n\n\n\n<p>Edhe ambasadorja e Shqip\u00ebris\u00eb n\u00eb Itali, Anila Bitri Lani, e cil\u00ebsoi k\u00ebt\u00eb si nj\u00eb hap t\u00eb r\u00ebnd\u00ebsish\u00ebm p\u00ebr popullin arb\u00ebresh, shoq\u00ebrin\u00eb italiane dhe komunitetin shqiptar:<br>\u201cKy program nuk \u00ebsht\u00eb vet\u00ebm komunikim, por edhe mbrojtje dhe vler\u00ebsim i nj\u00eb trash\u00ebgimie unike gjuh\u00ebsore e identitare, t\u00eb ruajtur p\u00ebr shekuj n\u00eb rreth 50 komuna. Ai forcon ndjenj\u00ebn e p\u00ebrkat\u00ebsis\u00eb, transmeton kujtimin e paraardh\u00ebsve tek brezat e rinj dhe bashkon shqiptar\u00ebt dhe italo-shqiptar\u00ebt me universin arb\u00ebresh.\u201d<\/p>\n\n\n\n<p>Programi televiziv do t\u00eb nis\u00eb m\u00eb 21 shtator, \u00e7do t\u00eb diel, nd\u00ebrsa radioja do t\u00eb sjell\u00eb p\u00ebrdit\u00eb emisione mbi kultur\u00ebn arb\u00ebreshe nga e h\u00ebna deri t\u00eb premten, me p\u00ebrs\u00ebritje n\u00eb fundjav\u00eb.<\/p>\n","protected":false},"excerpt":{"rendered":"<p>Kalabria b\u00ebhet rajoni i par\u00eb me statut t\u00eb zakonsh\u00ebm q\u00eb nis nj\u00eb program t\u00eb RAI-t kushtuar pakicave gjuh\u00ebsore n\u00eb Itali. Ky program do t\u00eb p\u00ebrfshij\u00eb emisione radiotelevizive t\u00ebr\u00ebsisht n\u00eb gjuh\u00ebn arb\u00ebreshe, duke i dh\u00ebn\u00eb k\u00ebshtu nj\u00eb hap\u00ebsir\u00eb t\u00eb re promovimit t\u00eb kultur\u00ebs dhe gjuh\u00ebs arb\u00ebreshe. Pas n\u00ebnshkrimit t\u00eb marr\u00ebveshjes mes Presidenc\u00ebs s\u00eb K\u00ebshillit t\u00eb Ministrave [&hellip;]<\/p>\n","protected":false},"author":1,"featured_media":1028,"comment_status":"closed","ping_status":"open","sticky":false,"template":"","format":"standard","meta":{"footnotes":""},"categories":[27,6,2],"tags":[],"class_list":["post-1027","post","type-post","status-publish","format-standard","has-post-thumbnail","hentry","category-pak-per-boten","category-pak-per-kulturen","category-pak-per-shqiptaret","entry daho-fn-article"],"_links":{"self":[{"href":"https:\/\/gegfm.com\/1\/wp-json\/wp\/v2\/posts\/1027","targetHints":{"allow":["GET"]}}],"collection":[{"href":"https:\/\/gegfm.com\/1\/wp-json\/wp\/v2\/posts"}],"about":[{"href":"https:\/\/gegfm.com\/1\/wp-json\/wp\/v2\/types\/post"}],"author":[{"embeddable":true,"href":"https:\/\/gegfm.com\/1\/wp-json\/wp\/v2\/users\/1"}],"replies":[{"embeddable":true,"href":"https:\/\/gegfm.com\/1\/wp-json\/wp\/v2\/comments?post=1027"}],"version-history":[{"count":1,"href":"https:\/\/gegfm.com\/1\/wp-json\/wp\/v2\/posts\/1027\/revisions"}],"predecessor-version":[{"id":1029,"href":"https:\/\/gegfm.com\/1\/wp-json\/wp\/v2\/posts\/1027\/revisions\/1029"}],"wp:featuredmedia":[{"embeddable":true,"href":"https:\/\/gegfm.com\/1\/wp-json\/wp\/v2\/media\/1028"}],"wp:attachment":[{"href":"https:\/\/gegfm.com\/1\/wp-json\/wp\/v2\/media?parent=1027"}],"wp:term":[{"taxonomy":"category","embeddable":true,"href":"https:\/\/gegfm.com\/1\/wp-json\/wp\/v2\/categories?post=1027"},{"taxonomy":"post_tag","embeddable":true,"href":"https:\/\/gegfm.com\/1\/wp-json\/wp\/v2\/tags?post=1027"}],"curies":[{"name":"wp","href":"https:\/\/api.w.org\/{rel}","templated":true}]}}